{"id":2761,"date":"2026-04-27T04:27:04","date_gmt":"2026-04-27T02:27:04","guid":{"rendered":"https:\/\/www.radd.cm\/?p=2761"},"modified":"2026-04-27T04:27:05","modified_gmt":"2026-04-27T02:27:05","slug":"partenariat-strategique-radd-ace-une-alliance-pour-la-souverainete-alimentaire-et-lautonomisation-des-jeunes","status":"publish","type":"post","link":"https:\/\/www.radd.cm\/index.php\/2026\/04\/27\/partenariat-strategique-radd-ace-une-alliance-pour-la-souverainete-alimentaire-et-lautonomisation-des-jeunes\/","title":{"rendered":"Partenariat strat\u00e9gique RADD\u2013ACE : une alliance pour la souverainet\u00e9 alimentaire et l\u2019autonomisation des jeunes"},"content":{"rendered":"\n<p>\u00c0 Esse, le R\u00e9seau des Acteurs du D\u00e9veloppement Durable (RADD) franchit une \u00e9tape d\u00e9cisive en s\u2019alliant \u00e0 la jeunesse \u00e0 travers un partenariat strat\u00e9gique avec l\u2019Association Culturelle \u00c9tudiante Mvele (ACE). Plus qu\u2019un simple accord, cette initiative incarne une vision forte : faire des jeunes de v\u00e9ritables acteurs de la transition agro\u00e9cologique, de la souverainet\u00e9 alimentaire et du d\u00e9veloppement durable.<\/p>\n\n\n\n<p>En conjuguant leurs forces, le RADD et l\u2019ACE posent les bases d\u2019une collaboration structurante visant \u00e0 former, accompagner et autonomiser les \u00e9tudiants, afin qu\u2019ils deviennent des leviers de transformation au sein de leurs communaut\u00e9s. Cette alliance marque ainsi l\u2019\u00e9mergence d\u2019une nouvelle g\u00e9n\u00e9ration engag\u00e9e, capable de porter des solutions durables et innovantes pour l\u2019avenir.<\/p>\n\n\n\n<div data-wp-interactive=\"core\/file\" class=\"wp-block-file\"><object data-wp-bind--hidden=\"!state.hasPdfPreview\" hidden class=\"wp-block-file__embed\" data=\"https:\/\/www.radd.cm\/wp-content\/uploads\/2026\/04\/Partenariat-ACE-RADD.pdf\" type=\"application\/pdf\" style=\"width:100%;height:600px\" aria-label=\"Contenu embarqu\u00e9 Partenariat ACE -RADD.\"><\/object><a id=\"wp-block-file--media-eb8a8a3d-5c94-4106-ba94-86958bd0cb5e\" href=\"https:\/\/www.radd.cm\/wp-content\/uploads\/2026\/04\/Partenariat-ACE-RADD.pdf\">Partenariat ACE -RADD<\/a><a href=\"https:\/\/www.radd.cm\/wp-content\/uploads\/2026\/04\/Partenariat-ACE-RADD.pdf\" class=\"wp-block-file__button wp-element-button\" download aria-describedby=\"wp-block-file--media-eb8a8a3d-5c94-4106-ba94-86958bd0cb5e\">T\u00e9l\u00e9charger<\/a><\/div>\n","protected":false},"excerpt":{"rendered":"<p>\u00c0 Esse, le R\u00e9seau des Acteurs du D\u00e9veloppement Durable (RADD) franchit une \u00e9tape d\u00e9cisive en s\u2019alliant \u00e0 la jeunesse \u00e0 travers un partenariat strat\u00e9gique avec l\u2019Association Culturelle \u00c9tudiante Mvele (ACE). Plus qu\u2019un simple accord, cette initiative incarne une vision forte : faire des jeunes de v\u00e9ritables acteurs de la transition agro\u00e9cologique, de la souverainet\u00e9 alimentaire [&hellip;]<\/p>\n","protected":false},"author":3,"featured_media":2763,"comment_status":"open","ping_status":"open","sticky":false,"template":"","format":"standard","meta":{"footnotes":""},"categories":[5],"tags":[113,30,114,33,67],"class_list":["post-2761","post","type-post","status-publish","format-standard","has-post-thumbnail","hentry","category-promotion-des-systemes-semenciers-paysans","tag-ace","tag-agroecologie","tag-jeunesse","tag-radd","tag-souverainete-alimentaire"],"_links":{"self":[{"href":"https:\/\/www.radd.cm\/index.php\/wp-json\/wp\/v2\/posts\/2761","targetHints":{"allow":["GET"]}}],"collection":[{"href":"https:\/\/www.radd.cm\/index.php\/wp-json\/wp\/v2\/posts"}],"about":[{"href":"https:\/\/www.radd.cm\/index.php\/wp-json\/wp\/v2\/types\/post"}],"author":[{"embeddable":true,"href":"https:\/\/www.radd.cm\/index.php\/wp-json\/wp\/v2\/users\/3"}],"replies":[{"embeddable":true,"href":"https:\/\/www.radd.cm\/index.php\/wp-json\/wp\/v2\/comments?post=2761"}],"version-history":[{"count":1,"href":"https:\/\/www.radd.cm\/index.php\/wp-json\/wp\/v2\/posts\/2761\/revisions"}],"predecessor-version":[{"id":2764,"href":"https:\/\/www.radd.cm\/index.php\/wp-json\/wp\/v2\/posts\/2761\/revisions\/2764"}],"wp:featuredmedia":[{"embeddable":true,"href":"https:\/\/www.radd.cm\/index.php\/wp-json\/wp\/v2\/media\/2763"}],"wp:attachment":[{"href":"https:\/\/www.radd.cm\/index.php\/wp-json\/wp\/v2\/media?parent=2761"}],"wp:term":[{"taxonomy":"category","embeddable":true,"href":"https:\/\/www.radd.cm\/index.php\/wp-json\/wp\/v2\/categories?post=2761"},{"taxonomy":"post_tag","embeddable":true,"href":"https:\/\/www.radd.cm\/index.php\/wp-json\/wp\/v2\/tags?post=2761"}],"curies":[{"name":"wp","href":"https:\/\/api.w.org\/{rel}","templated":true}]}}