{"id":2757,"date":"2026-04-27T04:11:21","date_gmt":"2026-04-27T02:11:21","guid":{"rendered":"https:\/\/www.radd.cm\/?p=2757"},"modified":"2026-04-27T04:11:22","modified_gmt":"2026-04-27T02:11:22","slug":"manger-sain-produire-juste-le-radd-au-coeur-du-debat-sur-lagriculture-biologique","status":"publish","type":"post","link":"https:\/\/www.radd.cm\/index.php\/2026\/04\/27\/manger-sain-produire-juste-le-radd-au-coeur-du-debat-sur-lagriculture-biologique\/","title":{"rendered":"Manger sain, produire juste : le RADD au c\u0153ur du d\u00e9bat sur l&rsquo;agriculture biologique"},"content":{"rendered":"\n<p>Engag\u00e9 pour la souverainet\u00e9 alimentaire et la promotion des semences paysannes, le RADD a pris part au Mini Forum National sur l\u2019Agriculture Biologique \u00e0 Yaound\u00e9, un espace cl\u00e9 de dialogue et d\u2019innovation pour les syst\u00e8mes alimentaires durables. Les 26 et 27 mars 2026 \u00e0 Yaound\u00e9, producteurs, chercheurs et organisations de la soci\u00e9t\u00e9 civile se sont retrouv\u00e9s autour d&rsquo;une question urgente : comment produire une alimentation saine sans compromettre nos terres, notre sant\u00e9 et notre autonomie ? <\/p>\n\n\n\n<div data-wp-interactive=\"core\/file\" class=\"wp-block-file\"><object data-wp-bind--hidden=\"!state.hasPdfPreview\" hidden class=\"wp-block-file__embed\" data=\"https:\/\/www.radd.cm\/wp-content\/uploads\/2026\/04\/rapport_mini_forum_AB.pdf\" type=\"application\/pdf\" style=\"width:100%;height:600px\" aria-label=\"Contenu embarqu\u00e9 rapport_mini_forum_AB.\"><\/object><a id=\"wp-block-file--media-9bfe582d-9496-4fc2-81d1-0dfc9cc54d7e\" href=\"https:\/\/www.radd.cm\/wp-content\/uploads\/2026\/04\/rapport_mini_forum_AB.pdf\">rapport_mini_forum_AB<\/a><a href=\"https:\/\/www.radd.cm\/wp-content\/uploads\/2026\/04\/rapport_mini_forum_AB.pdf\" class=\"wp-block-file__button wp-element-button\" download aria-describedby=\"wp-block-file--media-9bfe582d-9496-4fc2-81d1-0dfc9cc54d7e\">T\u00e9l\u00e9charger<\/a><\/div>\n","protected":false},"excerpt":{"rendered":"<p>Engag\u00e9 pour la souverainet\u00e9 alimentaire et la promotion des semences paysannes, le RADD a pris part au Mini Forum National sur l\u2019Agriculture Biologique \u00e0 Yaound\u00e9, un espace cl\u00e9 de dialogue et d\u2019innovation pour les syst\u00e8mes alimentaires durables. Les 26 et 27 mars 2026 \u00e0 Yaound\u00e9, producteurs, chercheurs et organisations de la soci\u00e9t\u00e9 civile se sont [&hellip;]<\/p>\n","protected":false},"author":3,"featured_media":2759,"comment_status":"open","ping_status":"open","sticky":false,"template":"","format":"standard","meta":{"footnotes":""},"categories":[5],"tags":[111,30,112,33,39],"class_list":["post-2757","post","type-post","status-publish","format-standard","has-post-thumbnail","hentry","category-promotion-des-systemes-semenciers-paysans","tag-agriculture-biologique","tag-agroecologie","tag-inades","tag-radd","tag-semences-paysannes"],"_links":{"self":[{"href":"https:\/\/www.radd.cm\/index.php\/wp-json\/wp\/v2\/posts\/2757","targetHints":{"allow":["GET"]}}],"collection":[{"href":"https:\/\/www.radd.cm\/index.php\/wp-json\/wp\/v2\/posts"}],"about":[{"href":"https:\/\/www.radd.cm\/index.php\/wp-json\/wp\/v2\/types\/post"}],"author":[{"embeddable":true,"href":"https:\/\/www.radd.cm\/index.php\/wp-json\/wp\/v2\/users\/3"}],"replies":[{"embeddable":true,"href":"https:\/\/www.radd.cm\/index.php\/wp-json\/wp\/v2\/comments?post=2757"}],"version-history":[{"count":1,"href":"https:\/\/www.radd.cm\/index.php\/wp-json\/wp\/v2\/posts\/2757\/revisions"}],"predecessor-version":[{"id":2760,"href":"https:\/\/www.radd.cm\/index.php\/wp-json\/wp\/v2\/posts\/2757\/revisions\/2760"}],"wp:featuredmedia":[{"embeddable":true,"href":"https:\/\/www.radd.cm\/index.php\/wp-json\/wp\/v2\/media\/2759"}],"wp:attachment":[{"href":"https:\/\/www.radd.cm\/index.php\/wp-json\/wp\/v2\/media?parent=2757"}],"wp:term":[{"taxonomy":"category","embeddable":true,"href":"https:\/\/www.radd.cm\/index.php\/wp-json\/wp\/v2\/categories?post=2757"},{"taxonomy":"post_tag","embeddable":true,"href":"https:\/\/www.radd.cm\/index.php\/wp-json\/wp\/v2\/tags?post=2757"}],"curies":[{"name":"wp","href":"https:\/\/api.w.org\/{rel}","templated":true}]}}