{"id":2754,"date":"2026-04-25T20:55:12","date_gmt":"2026-04-25T18:55:12","guid":{"rendered":"https:\/\/www.radd.cm\/?p=2754"},"modified":"2026-04-25T20:55:13","modified_gmt":"2026-04-25T18:55:13","slug":"bikoue-2026-une-mobilisation-pour-planter-lavenir","status":"publish","type":"post","link":"https:\/\/www.radd.cm\/index.php\/2026\/04\/25\/bikoue-2026-une-mobilisation-pour-planter-lavenir\/","title":{"rendered":"Bikoue 2026 : une mobilisation pour planter l\u2019avenir"},"content":{"rendered":"\n<p>Aujourd\u2019hui, \u00e0 Bikoue, l\u2019histoire se r\u00e9p\u00e8te. Mais cette fois encore, les communaut\u00e9s refusent de rester spectatrices.<\/p>\n\n\n\n<p>Le <strong>dimanche 26 avril 2026<\/strong>, une grande op\u00e9ration de reboisement sera organis\u00e9e \u00e0 l\u2019\u00c9cole Publique de Bikoue, d\u00e8s 10h, en collaboration avec :<\/p>\n\n\n\n<ul class=\"wp-block-list\">\n<li>ACJM<\/li>\n\n\n\n<li>COFECCC<\/li>\n\n\n\n<li>les communaut\u00e9s de Yetoulou \u2013 7 Routes<\/li>\n<\/ul>\n\n\n\n<p>L\u2019objectif est clair :<br>\ud83d\udc49 <strong>Planter 3 000 arbres fruitiers le long des routes<\/strong><\/p>\n\n\n\n<p>Une action concr\u00e8te pour :<\/p>\n\n\n\n<ul class=\"wp-block-list\">\n<li>restaurer les sources locales d\u2019alimentation<\/li>\n\n\n\n<li>am\u00e9liorer le microclimat et l\u2019ombre<\/li>\n\n\n\n<li>renforcer la r\u00e9silience des communaut\u00e9s face aux changements environnementaux<\/li>\n<\/ul>\n\n\n\n<hr class=\"wp-block-separator has-alpha-channel-opacity\"\/>\n\n\n\n<h2 class=\"wp-block-heading has-normal-font-size\"><strong>Planter des arbres, d\u00e9fendre une vision du d\u00e9veloppement<\/strong><\/h2>\n\n\n\n<p>Au-del\u00e0 du geste symbolique, cette initiative pose une question essentielle : quel mod\u00e8le de d\u00e9veloppement voulons-nous ?<\/p>\n\n\n\n<p>Le RADD et ses partenaires d\u00e9fendent une approche o\u00f9 infrastructures et bien-\u00eatre des communaut\u00e9s vont de pair. Planter des arbres, c\u2019est :<\/p>\n\n\n\n<ul class=\"wp-block-list\">\n<li>pr\u00e9server les \u00e9cosyst\u00e8mes locaux<\/li>\n\n\n\n<li>soutenir les \u00e9conomies rurales<\/li>\n\n\n\n<li>transmettre un patrimoine aux g\u00e9n\u00e9rations futures<\/li>\n<\/ul>\n\n\n\n<p>C\u2019est aussi affirmer que le d\u00e9veloppement ne doit pas se faire au d\u00e9triment de la vie.<\/p>\n\n\n\n<hr class=\"wp-block-separator has-alpha-channel-opacity\"\/>\n\n\n\n<h2 class=\"wp-block-heading has-normal-font-size\"><strong>Une conviction qui guide l\u2019action<\/strong><\/h2>\n\n\n\n<p>\u00c0 travers cette mobilisation, le RADD r\u00e9affirme une vision simple mais puissante :<\/p>\n\n\n\n<p><strong>\u00ab Qui plante un arbre, s\u00e8me la vie. \u00bb<\/strong><\/p>\n\n\n\n<p>\u00c0 Bikoue, chaque arbre plant\u00e9 est une promesse :<br>celle d\u2019un futur o\u00f9 les routes nourrissent autant qu\u2019elles relient.<\/p>\n","protected":false},"excerpt":{"rendered":"<p>Aujourd\u2019hui, \u00e0 Bikoue, l\u2019histoire se r\u00e9p\u00e8te. Mais cette fois encore, les communaut\u00e9s refusent de rester spectatrices. Le dimanche 26 avril 2026, une grande op\u00e9ration de reboisement sera organis\u00e9e \u00e0 l\u2019\u00c9cole Publique de Bikoue, d\u00e8s 10h, en collaboration avec : L\u2019objectif est clair :\ud83d\udc49 Planter 3 000 arbres fruitiers le long des routes Une action concr\u00e8te [&hellip;]<\/p>\n","protected":false},"author":3,"featured_media":2755,"comment_status":"open","ping_status":"open","sticky":false,"template":"","format":"standard","meta":{"footnotes":""},"categories":[27],"tags":[109,64,33,110],"class_list":["post-2754","post","type-post","status-publish","format-standard","has-post-thumbnail","hentry","category-justice-climatique-et-promotion-de-lagroecologie","tag-bikoue","tag-changement-climatique","tag-radd","tag-replanting"],"_links":{"self":[{"href":"https:\/\/www.radd.cm\/index.php\/wp-json\/wp\/v2\/posts\/2754","targetHints":{"allow":["GET"]}}],"collection":[{"href":"https:\/\/www.radd.cm\/index.php\/wp-json\/wp\/v2\/posts"}],"about":[{"href":"https:\/\/www.radd.cm\/index.php\/wp-json\/wp\/v2\/types\/post"}],"author":[{"embeddable":true,"href":"https:\/\/www.radd.cm\/index.php\/wp-json\/wp\/v2\/users\/3"}],"replies":[{"embeddable":true,"href":"https:\/\/www.radd.cm\/index.php\/wp-json\/wp\/v2\/comments?post=2754"}],"version-history":[{"count":1,"href":"https:\/\/www.radd.cm\/index.php\/wp-json\/wp\/v2\/posts\/2754\/revisions"}],"predecessor-version":[{"id":2756,"href":"https:\/\/www.radd.cm\/index.php\/wp-json\/wp\/v2\/posts\/2754\/revisions\/2756"}],"wp:featuredmedia":[{"embeddable":true,"href":"https:\/\/www.radd.cm\/index.php\/wp-json\/wp\/v2\/media\/2755"}],"wp:attachment":[{"href":"https:\/\/www.radd.cm\/index.php\/wp-json\/wp\/v2\/media?parent=2754"}],"wp:term":[{"taxonomy":"category","embeddable":true,"href":"https:\/\/www.radd.cm\/index.php\/wp-json\/wp\/v2\/categories?post=2754"},{"taxonomy":"post_tag","embeddable":true,"href":"https:\/\/www.radd.cm\/index.php\/wp-json\/wp\/v2\/tags?post=2754"}],"curies":[{"name":"wp","href":"https:\/\/api.w.org\/{rel}","templated":true}]}}