{"id":2751,"date":"2026-04-25T20:39:02","date_gmt":"2026-04-25T18:39:02","guid":{"rendered":"https:\/\/www.radd.cm\/?p=2751"},"modified":"2026-04-25T20:39:02","modified_gmt":"2026-04-25T18:39:02","slug":"safer-2025-le-radd-fait-rayonner-les-semences-paysannes-du-cameroun-sur-la-scene-africaine","status":"publish","type":"post","link":"https:\/\/www.radd.cm\/index.php\/2026\/04\/25\/safer-2025-le-radd-fait-rayonner-les-semences-paysannes-du-cameroun-sur-la-scene-africaine\/","title":{"rendered":"SAFER 2025 : le RADD fait rayonner les semences paysannes du Cameroun sur la sc\u00e8ne africaine"},"content":{"rendered":"\n<p>Le Salon Africain de la Femme Rurale n&rsquo;est pas qu&rsquo;une foire. C&rsquo;est une affirmation. Celle que les femmes rurales africaines ne sont pas en marge de l&rsquo;\u00e9conomie elles en sont le socle<\/p>\n\n\n\n<p>Du 22 au 29 ao\u00fbt 2025, le Mus\u00e9e National de Yaound\u00e9 au Cameroun s&rsquo;est transform\u00e9 en vitrine continentale des savoirs et des productions des femmes rurales africaines. Le RADD y \u00e9tait, avec un stand qui a retenu tous les regards : semences paysannes en plusieurs vari\u00e9t\u00e9s, arachides, pistaches, gombo, tubercules et produits transform\u00e9s issus des champs paysans. Ce que les visiteurs ont d\u00e9couvert, c&rsquo;est l&rsquo;\u00e9tendue insoup\u00e7onn\u00e9e d&rsquo;un patrimoine agricole vivant, port\u00e9 par des femmes et d\u00e9fendu par un r\u00e9seau.<\/p>\n\n\n\n<div data-wp-interactive=\"core\/file\" class=\"wp-block-file\"><object data-wp-bind--hidden=\"!state.hasPdfPreview\" hidden class=\"wp-block-file__embed\" data=\"https:\/\/www.radd.cm\/wp-content\/uploads\/2026\/04\/RAPPORT-SUR-LE-SALON-AFRICAIN-DE-LA-FEMME-RURALE-SAFER-TENU-DU-22-AU-29-AOUT-2025-.pdf\" type=\"application\/pdf\" style=\"width:100%;height:600px\" aria-label=\"Contenu embarqu\u00e9 RAPPORT SUR LE SALON AFRICAIN DE LA FEMME RURALE SAFER TENU DU 22 AU 29 AOUT 2025.\"><\/object><a id=\"wp-block-file--media-4c6c7c9a-e1ac-4660-9c76-21f77dcbf8bc\" href=\"https:\/\/www.radd.cm\/wp-content\/uploads\/2026\/04\/RAPPORT-SUR-LE-SALON-AFRICAIN-DE-LA-FEMME-RURALE-SAFER-TENU-DU-22-AU-29-AOUT-2025-.pdf\">RAPPORT SUR LE SALON AFRICAIN DE LA FEMME RURALE SAFER TENU DU 22 AU 29 AOUT 2025<\/a><a href=\"https:\/\/www.radd.cm\/wp-content\/uploads\/2026\/04\/RAPPORT-SUR-LE-SALON-AFRICAIN-DE-LA-FEMME-RURALE-SAFER-TENU-DU-22-AU-29-AOUT-2025-.pdf\" class=\"wp-block-file__button wp-element-button\" download aria-describedby=\"wp-block-file--media-4c6c7c9a-e1ac-4660-9c76-21f77dcbf8bc\">T\u00e9l\u00e9charger<\/a><\/div>\n","protected":false},"excerpt":{"rendered":"<p>Le Salon Africain de la Femme Rurale n&rsquo;est pas qu&rsquo;une foire. C&rsquo;est une affirmation. Celle que les femmes rurales africaines ne sont pas en marge de l&rsquo;\u00e9conomie elles en sont le socle Du 22 au 29 ao\u00fbt 2025, le Mus\u00e9e National de Yaound\u00e9 au Cameroun s&rsquo;est transform\u00e9 en vitrine continentale des savoirs et des productions [&hellip;]<\/p>\n","protected":false},"author":3,"featured_media":0,"comment_status":"open","ping_status":"open","sticky":false,"template":"","format":"standard","meta":{"footnotes":""},"categories":[7,5],"tags":[30,39,67,107],"class_list":["post-2751","post","type-post","status-publish","format-standard","hentry","category-autonomisation-economique-de-la-femme","category-promotion-des-systemes-semenciers-paysans","tag-agroecologie","tag-semences-paysannes","tag-souverainete-alimentaire","tag-souverainete-semenciere"],"_links":{"self":[{"href":"https:\/\/www.radd.cm\/index.php\/wp-json\/wp\/v2\/posts\/2751","targetHints":{"allow":["GET"]}}],"collection":[{"href":"https:\/\/www.radd.cm\/index.php\/wp-json\/wp\/v2\/posts"}],"about":[{"href":"https:\/\/www.radd.cm\/index.php\/wp-json\/wp\/v2\/types\/post"}],"author":[{"embeddable":true,"href":"https:\/\/www.radd.cm\/index.php\/wp-json\/wp\/v2\/users\/3"}],"replies":[{"embeddable":true,"href":"https:\/\/www.radd.cm\/index.php\/wp-json\/wp\/v2\/comments?post=2751"}],"version-history":[{"count":1,"href":"https:\/\/www.radd.cm\/index.php\/wp-json\/wp\/v2\/posts\/2751\/revisions"}],"predecessor-version":[{"id":2753,"href":"https:\/\/www.radd.cm\/index.php\/wp-json\/wp\/v2\/posts\/2751\/revisions\/2753"}],"wp:attachment":[{"href":"https:\/\/www.radd.cm\/index.php\/wp-json\/wp\/v2\/media?parent=2751"}],"wp:term":[{"taxonomy":"category","embeddable":true,"href":"https:\/\/www.radd.cm\/index.php\/wp-json\/wp\/v2\/categories?post=2751"},{"taxonomy":"post_tag","embeddable":true,"href":"https:\/\/www.radd.cm\/index.php\/wp-json\/wp\/v2\/tags?post=2751"}],"curies":[{"name":"wp","href":"https:\/\/api.w.org\/{rel}","templated":true}]}}